{"id":1161,"date":"2024-01-24T08:41:48","date_gmt":"2024-01-24T08:41:48","guid":{"rendered":"https:\/\/www.aigredoux.net\/?p=1161"},"modified":"2024-01-24T08:41:48","modified_gmt":"2024-01-24T08:41:48","slug":"cera-una-volta-facebook-4","status":"publish","type":"post","link":"https:\/\/www.aigredoux.net\/?p=1161","title":{"rendered":"C&#8217;era una volta Facebook (3) &#8211; Vecchie pagine di carta"},"content":{"rendered":"\n<p>Mettendo ordine in casa capita di imbattersi in vecchie riviste sopravvissute ai miei vari traslochi. Sfogliarle di nuovo dopo tanti anni ha rinnovato ricordi o, viceversa, ha riportato a galla cose che si erano dimenticate via via che cambiava il mondo attorno.<\/p>\n\n\n\n<p><em>11 settembre 2023<\/em><br><em>Un puro caso. Proseguo nella revisione e scarto di vecchie riviste e proprio oggi mi imbatto in un articolo pubblicato nel numero di gennaio del 1971 dalla rivista &#8220;Storia illustrata&#8221;.<\/em><\/p>\n\n\n\n<figure class=\"wp-block-image size-full\"><a href=\"https:\/\/www.aigredoux.net\/wp-content\/uploads\/2024\/01\/immagine-1.png\"><img loading=\"lazy\" decoding=\"async\" width=\"480\" height=\"640\" src=\"https:\/\/www.aigredoux.net\/wp-content\/uploads\/2024\/01\/immagine-1.png\" alt=\"\" class=\"wp-image-1162\" srcset=\"https:\/\/www.aigredoux.net\/wp-content\/uploads\/2024\/01\/immagine-1.png 480w, https:\/\/www.aigredoux.net\/wp-content\/uploads\/2024\/01\/immagine-1-225x300.png 225w\" sizes=\"auto, (max-width: 480px) 100vw, 480px\" \/><\/a><\/figure>\n\n\n\n<p><em>(16 ottobre 2022)<br>Il lungo spoglio di vecchie riviste mi ha condotto a un nuovo articolo di &#8220;Storia illustrata&#8221; (numero di aprile del 1973) dedicato alla figura di Albert Kesselring, il comandante delle forze armate naziste, in Africa e in Italia, negli ultimi anni della Seconda Guerra Mondiale. Impart\u00ec gli ordini che dettero il via alla repressione tedesca, segnata da massacri come quello delle Fosse Ardeatine o da stragi come quella di Marzabotto. Dopo la resa tedesca, Kesselring fu processato e, il 6 maggio del 1947, condannato a morte per crimini di guerra. L&#8217;Alto Comando Alleato commut\u00f2 la pena di morte nel carcere a vita &#8220;per i suoi meriti militari&#8221;. La pena fu poi ulteriormente commutata in venti anni di carcere, dei quali sette scontati in prigionia e i successivi in libert\u00e0 provvisoria dopo aver subito un intervento chirurgico. Il 23 ottobre 1952 il Comando Alleato gli concesse la grazia. Mor\u00ec nel 1960. Cito da Wikipedia: &#8220;Poco dopo il suo rientro in Germania, Kesselring dichiar\u00f2 di non avere nulla da rimproverarsi e che anzi gli italiani gli avrebbero dovuto dedicare un monumento per il suo operato sul suolo italiano nella salvaguardia delle citt\u00e0 d&#8217;arte come Roma e Firenze.&#8221;<\/em><\/p>\n\n\n\n<figure class=\"wp-block-image size-full\"><a href=\"https:\/\/www.aigredoux.net\/wp-content\/uploads\/2024\/07\/immagine.png\"><img loading=\"lazy\" decoding=\"async\" width=\"480\" height=\"640\" src=\"https:\/\/www.aigredoux.net\/wp-content\/uploads\/2024\/07\/immagine.png\" alt=\"\" class=\"wp-image-1390\" srcset=\"https:\/\/www.aigredoux.net\/wp-content\/uploads\/2024\/07\/immagine.png 480w, https:\/\/www.aigredoux.net\/wp-content\/uploads\/2024\/07\/immagine-225x300.png 225w\" sizes=\"auto, (max-width: 480px) 100vw, 480px\" \/><\/a><\/figure>\n\n\n\n<p><em>(2 febbraio 2022)<br>Proseguendo lo spoglio di vecchie riviste (la foto \u00e8 tratta da un numero di &#8220;Storia illustrata&#8221; del 1974) mi imbatto in pagine pubblicitarie che, chiss\u00e0, aiutano a capire in che modo siamo arrivati a questo punto. Fra tappare il buco del secchio e aprire di pi\u00f9 il rubinetto, il nostro mondo ha quasi sempre scelto la seconda. Peraltro, ammirevole l&#8217;acrobazia concettuale che propone come risparmio l&#8217;aumento dei consumi<\/em>.<img loading=\"lazy\" decoding=\"async\" height=\"16\" width=\"16\" src=\"https:\/\/static.xx.fbcdn.net\/images\/emoji.php\/v9\/tcb\/2\/16\/1f631.png\" alt=\"&#x1f631;\"><\/p>\n\n\n\n<figure class=\"wp-block-image size-full\"><a href=\"https:\/\/www.aigredoux.net\/wp-content\/uploads\/2024\/07\/immagine-1.png\"><img loading=\"lazy\" decoding=\"async\" width=\"480\" height=\"640\" src=\"https:\/\/www.aigredoux.net\/wp-content\/uploads\/2024\/07\/immagine-1.png\" alt=\"\" class=\"wp-image-1391\" srcset=\"https:\/\/www.aigredoux.net\/wp-content\/uploads\/2024\/07\/immagine-1.png 480w, https:\/\/www.aigredoux.net\/wp-content\/uploads\/2024\/07\/immagine-1-225x300.png 225w\" sizes=\"auto, (max-width: 480px) 100vw, 480px\" \/><\/a><\/figure>\n\n\n\n<p><em>(17 novembre 2021)<br>Proseguono i lavori di riordino in casa e, con essi, la scoperta di annunci pubblicitari degli anni &#8217;70. Parliamo di 50 anni fa ma mi sono chiesto se davvero all&#8217;epoca non conoscevano gli effetti (negativi) dell&#8217;alcol sulla digestione o se, conoscendoli, potevano impunemente propagandare il falso. Non oso pensare ad autotrasportatori o agenti di commercio che dopo pranzo, convinti di far bene, ingollassero pure il superalcolico (40 gradi) convinti che sarebbero quindi stati pi\u00f9 lucidi alla guida e poi all&#8217;appuntamento.<br>P.S. L&#8217;alcol &#8220;deprime&#8221; il processo di svuotamento dello stomaco, rallentando la digestione e causando sonnolenza e diminuzione del livello di attenzione. La sensazione di &#8220;sollievo&#8221; dipende dal calore che genera l&#8217;alcol e che, in effetti, \u00e8 un fattore che aiuta la digestione stessa. Per aiutarsi davvero si pu\u00f2 ricorrere a bevande calde alla salvia o al limone (tipo il &#8220;canarino&#8221; marchigiano).<\/em><\/p>\n\n\n\n<figure class=\"wp-block-image size-full\"><a href=\"https:\/\/www.aigredoux.net\/wp-content\/uploads\/2024\/07\/immagine-2.png\"><img loading=\"lazy\" decoding=\"async\" width=\"480\" height=\"640\" src=\"https:\/\/www.aigredoux.net\/wp-content\/uploads\/2024\/07\/immagine-2.png\" alt=\"\" class=\"wp-image-1393\" srcset=\"https:\/\/www.aigredoux.net\/wp-content\/uploads\/2024\/07\/immagine-2.png 480w, https:\/\/www.aigredoux.net\/wp-content\/uploads\/2024\/07\/immagine-2-225x300.png 225w\" sizes=\"auto, (max-width: 480px) 100vw, 480px\" \/><\/a><\/figure>\n\n\n\n<p><br>(<em>15 novembre 2021<\/em>)<br><em>Da un ripostiglio riemergono numeri di una rivista (&#8220;Storia illustrata&#8221;) che leggevo negli anni &#8217;70 del (a dirlo fa un po&#8217; effetto) secolo scorso. Mi colpiscono varie cose, fra le quali le pubblicit\u00e0 delle automobili. Oggi la pubblicit\u00e0 \u00e8 sempre o quasi &#8220;emozionale&#8221;, all&#8217;epoca si largheggiava in dati tecnici: dimensioni, parti meccaniche, consumi &#8230; Per vendere un&#8217;automobile si pensava che fosse efficace informare sul suo raggio di sterzata! Quanto ai consumi, con la stessa quantit\u00e0 di benzina l&#8217;auto che possiedo attualmente percorre all&#8217;incirca il doppio dei chilometri.<\/em><\/p>\n\n\n\n<figure class=\"wp-block-image size-full\"><a href=\"https:\/\/www.aigredoux.net\/wp-content\/uploads\/2024\/10\/immagine.png\"><img loading=\"lazy\" decoding=\"async\" width=\"480\" height=\"640\" src=\"https:\/\/www.aigredoux.net\/wp-content\/uploads\/2024\/10\/immagine.png\" alt=\"\" class=\"wp-image-1399\" srcset=\"https:\/\/www.aigredoux.net\/wp-content\/uploads\/2024\/10\/immagine.png 480w, https:\/\/www.aigredoux.net\/wp-content\/uploads\/2024\/10\/immagine-225x300.png 225w\" sizes=\"auto, (max-width: 480px) 100vw, 480px\" \/><\/a><\/figure>\n","protected":false},"excerpt":{"rendered":"<p>Mettendo ordine in casa capita di imbattersi in vecchie riviste sopravvissute ai miei vari traslochi. Sfogliarle di nuovo dopo tanti anni ha rinnovato ricordi o, viceversa, ha riportato a galla cose che si erano dimenticate via via che cambiava il &hellip; <a href=\"https:\/\/www.aigredoux.net\/?p=1161\">Continua a leggere<span class=\"meta-nav\">&rarr;<\/span><\/a><\/p>\n","protected":false},"author":1,"featured_media":0,"comment_status":"closed","ping_status":"closed","sticky":false,"template":"","format":"standard","meta":{"_monsterinsights_skip_tracking":false,"_monsterinsights_sitenote_active":false,"_monsterinsights_sitenote_note":"","_monsterinsights_sitenote_category":0,"ngg_post_thumbnail":0,"footnotes":""},"categories":[1],"tags":[519,520,360,521],"class_list":["post-1161","post","type-post","status-publish","format-standard","hentry","category-uncategorized","tag-11-settembre-1973","tag-cile","tag-facebook","tag-salvador-allende"],"_links":{"self":[{"href":"https:\/\/www.aigredoux.net\/index.php?rest_route=\/wp\/v2\/posts\/1161","targetHints":{"allow":["GET"]}}],"collection":[{"href":"https:\/\/www.aigredoux.net\/index.php?rest_route=\/wp\/v2\/posts"}],"about":[{"href":"https:\/\/www.aigredoux.net\/index.php?rest_route=\/wp\/v2\/types\/post"}],"author":[{"embeddable":true,"href":"https:\/\/www.aigredoux.net\/index.php?rest_route=\/wp\/v2\/users\/1"}],"replies":[{"embeddable":true,"href":"https:\/\/www.aigredoux.net\/index.php?rest_route=%2Fwp%2Fv2%2Fcomments&post=1161"}],"version-history":[{"count":0,"href":"https:\/\/www.aigredoux.net\/index.php?rest_route=\/wp\/v2\/posts\/1161\/revisions"}],"wp:attachment":[{"href":"https:\/\/www.aigredoux.net\/index.php?rest_route=%2Fwp%2Fv2%2Fmedia&parent=1161"}],"wp:term":[{"taxonomy":"category","embeddable":true,"href":"https:\/\/www.aigredoux.net\/index.php?rest_route=%2Fwp%2Fv2%2Fcategories&post=1161"},{"taxonomy":"post_tag","embeddable":true,"href":"https:\/\/www.aigredoux.net\/index.php?rest_route=%2Fwp%2Fv2%2Ftags&post=1161"}],"curies":[{"name":"wp","href":"https:\/\/api.w.org\/{rel}","templated":true}]}}