{"id":1457,"date":"2025-07-04T07:42:47","date_gmt":"2025-07-04T07:42:47","guid":{"rendered":"https:\/\/www.aigredoux.net\/?p=1457"},"modified":"2025-07-04T07:42:47","modified_gmt":"2025-07-04T07:42:47","slug":"cera-una-volta-facebook-8-in-viaggio-con-papa","status":"publish","type":"post","link":"https:\/\/www.aigredoux.net\/?p=1457","title":{"rendered":"C&#8217;era una volta Facebook (8) &#8211; In viaggio con pap\u00e0"},"content":{"rendered":"\n<p>Dalle Marche mi recavo a Roma per stare un poco con i miei genitori. Nel 2014 mio padre aveva gi\u00e0 compiuto 100 anni. Presi l&#8217;abitudine di condividere il ricordo di quegli incontri, scanditi dall&#8217;et\u00e0 via via raggiunta, e sempre pi\u00f9 notevole, da mio padre.<\/p>\n\n\n\n<p><em>22 giugno 2014<br>Io e mio padre (100 anni, cinque mesi e quattro giorni), adesso, a Roma. Che dire?<\/em><\/p>\n\n\n\n<figure class=\"wp-block-image size-large\"><a href=\"https:\/\/www.aigredoux.net\/wp-content\/uploads\/2025\/07\/immagine-1.png\"><img loading=\"lazy\" decoding=\"async\" width=\"1024\" height=\"768\" src=\"https:\/\/www.aigredoux.net\/wp-content\/uploads\/2025\/07\/immagine-1-1024x768.png\" alt=\"\" class=\"wp-image-1458\" srcset=\"https:\/\/www.aigredoux.net\/wp-content\/uploads\/2025\/07\/immagine-1-1024x768.png 1024w, https:\/\/www.aigredoux.net\/wp-content\/uploads\/2025\/07\/immagine-1-300x225.png 300w, https:\/\/www.aigredoux.net\/wp-content\/uploads\/2025\/07\/immagine-1-768x576.png 768w, https:\/\/www.aigredoux.net\/wp-content\/uploads\/2025\/07\/immagine-1.png 1136w\" sizes=\"auto, (max-width: 1024px) 100vw, 1024px\" \/><\/a><\/figure>\n\n\n\n<p><em>(26 dicembre 2014)<br>Questa \u00e8 bellissima. Pap\u00e0 (101 anni fra 23 giorni) mi ha chiesto di cercare in Internet dei tapis roulant e si \u00e8 seduto accanto a me al pc. Ne ho individuato uno e gli ho detto: &#8220;Per\u00f2 vorrei vederlo dal vivo.&#8221; E lui: &#8220;Anche a me piacerebbe vederlo da vivo.&#8221;<\/em><\/p>\n\n\n\n<p>(<em>19 gennaio 2015)<br>Bene, ieri, in piena notte, abbiamo dovuto chiamare la guardia medica. Con qualche farmaco, la situazione \u00e8 stata recuperata quanto basta per permettere a mio padre di festeggiare i suoi 101 anni. Ha pure mangiato una fetta di torta. E oggi \u00e8 un altro giorno.<\/em><\/p>\n\n\n\n<p><em>(8 novembre 2019)<br>L&#8217;occhio cade sulla data in alto a destra dello schermo, il numero risuona&#8230; E s\u00ec, oggi sono sei mesi da che mio padre \u00e8 morto. A volte mi sembra che sia accaduto in un tempo lontano quanto quello delle fiabe, a volte sembra ieri. Io ringrazio la memoria, che me lo fa ricordare con intensit\u00e0 e precisione, e ringrazio mia figlia che mi aiuta a conservare lo sguardo su ci\u00f2 che ancora potr\u00f2 fare.<\/em><\/p>\n\n\n\n<p><\/p>\n\n\n\n<p><em>(19 gennaio 2021)<br>Come ho gi\u00e0 scritto in altre occasioni, la mia scelta di avere su Facebook soltanto contatti con persone che conosco davvero e che, per la gran parte, frequento (magari virtualmente) in maniera abbastanza continuativa mi concede il lusso di usare questo strumento per condividere piccoli pensieri personali. Piccoli nel senso che riguardano la mia sfera privata e che perci\u00f2, se la fanno, possono interessare soltanto chi mi conosce e magari mi vuol perfino bene.<br>Cosicch\u00e9 scrivo per raccontare che oggi ho indossato dei guanti da cucina per lavare qualche piatto e m&#8217;\u00e8 venuto in mente mio padre. Mi colpisce sempre quando, per motivi misteriosi, riaffiorano momenti minutissimi che per qualche ancor pi\u00f9 misterioso motivo si sono insediati nella memoria, rimanendo nascosti anche per decenni ma pronti a farsi vivi nei momenti pi\u00f9 impensati.<br>Oggi ho indossato dei guanti da cucina ed \u00e8 apparso mio padre che se li tolse tirandone un lembo e finendo per rovesciarli: la parte esterna dentro e tutta fuori, invece, quella che deve stare a contatto con la pelle. Poi li rovesciava di nuovo e soffiava dentro il guanto, tenendo il bordo aderente alla bocca. Le dita nascoste riapparivano con uno schicco. Ero piccolo e mi sembr\u00f2 quasi una magia e mio padre rideva, soddisfatto.<\/em><\/p>\n\n\n\n<p><\/p>\n","protected":false},"excerpt":{"rendered":"<p>Dalle Marche mi recavo a Roma per stare un poco con i miei genitori. Nel 2014 mio padre aveva gi\u00e0 compiuto 100 anni. Presi l&#8217;abitudine di condividere il ricordo di quegli incontri, scanditi dall&#8217;et\u00e0 via via raggiunta, e sempre pi\u00f9 &hellip; <a href=\"https:\/\/www.aigredoux.net\/?p=1457\">Continua a leggere<span class=\"meta-nav\">&rarr;<\/span><\/a><\/p>\n","protected":false},"author":1,"featured_media":0,"comment_status":"closed","ping_status":"closed","sticky":false,"template":"","format":"standard","meta":{"_monsterinsights_skip_tracking":false,"_monsterinsights_sitenote_active":false,"_monsterinsights_sitenote_note":"","_monsterinsights_sitenote_category":0,"ngg_post_thumbnail":0,"footnotes":""},"categories":[1],"tags":[],"class_list":["post-1457","post","type-post","status-publish","format-standard","hentry","category-uncategorized"],"_links":{"self":[{"href":"https:\/\/www.aigredoux.net\/index.php?rest_route=\/wp\/v2\/posts\/1457","targetHints":{"allow":["GET"]}}],"collection":[{"href":"https:\/\/www.aigredoux.net\/index.php?rest_route=\/wp\/v2\/posts"}],"about":[{"href":"https:\/\/www.aigredoux.net\/index.php?rest_route=\/wp\/v2\/types\/post"}],"author":[{"embeddable":true,"href":"https:\/\/www.aigredoux.net\/index.php?rest_route=\/wp\/v2\/users\/1"}],"replies":[{"embeddable":true,"href":"https:\/\/www.aigredoux.net\/index.php?rest_route=%2Fwp%2Fv2%2Fcomments&post=1457"}],"version-history":[{"count":0,"href":"https:\/\/www.aigredoux.net\/index.php?rest_route=\/wp\/v2\/posts\/1457\/revisions"}],"wp:attachment":[{"href":"https:\/\/www.aigredoux.net\/index.php?rest_route=%2Fwp%2Fv2%2Fmedia&parent=1457"}],"wp:term":[{"taxonomy":"category","embeddable":true,"href":"https:\/\/www.aigredoux.net\/index.php?rest_route=%2Fwp%2Fv2%2Fcategories&post=1457"},{"taxonomy":"post_tag","embeddable":true,"href":"https:\/\/www.aigredoux.net\/index.php?rest_route=%2Fwp%2Fv2%2Ftags&post=1457"}],"curies":[{"name":"wp","href":"https:\/\/api.w.org\/{rel}","templated":true}]}}